{"id":1964,"date":"2025-02-20T13:45:33","date_gmt":"2025-02-20T16:45:33","guid":{"rendered":"https:\/\/cbsadvogados.com.br\/?p=1964"},"modified":"2025-02-20T13:50:48","modified_gmt":"2025-02-20T16:50:48","slug":"fabio-cooper-participa-de-homenagem-ao-ministro-barroso-no-trt-15","status":"publish","type":"post","link":"https:\/\/cbsadvogados.com.br\/es\/2025\/02\/20\/fabio-cooper-participa-de-homenagem-ao-ministro-barroso-no-trt-15\/","title":{"rendered":"F\u00e1bio Cooper participa de homenagem ao Ministro Barroso no TRT-15"},"content":{"rendered":"<figure class=\"wp-block-image size-large\"><img decoding=\"async\" width=\"1024\" height=\"702\" src=\"https:\/\/cbsadvogados.com.br\/wp-content\/uploads\/2025\/02\/Fabio-e-Barroso-1-1024x702.webp\" alt=\"\" class=\"wp-image-1973\" srcset=\"https:\/\/cbsadvogados.com.br\/wp-content\/uploads\/2025\/02\/Fabio-e-Barroso-1-1024x702.webp 1024w, https:\/\/cbsadvogados.com.br\/wp-content\/uploads\/2025\/02\/Fabio-e-Barroso-1-300x206.webp 300w, https:\/\/cbsadvogados.com.br\/wp-content\/uploads\/2025\/02\/Fabio-e-Barroso-1-768x527.webp 768w, https:\/\/cbsadvogados.com.br\/wp-content\/uploads\/2025\/02\/Fabio-e-Barroso-1-1536x1054.webp 1536w, https:\/\/cbsadvogados.com.br\/wp-content\/uploads\/2025\/02\/Fabio-e-Barroso-1-2048x1405.webp 2048w, https:\/\/cbsadvogados.com.br\/wp-content\/uploads\/2025\/02\/Fabio-e-Barroso-1-18x12.webp 18w\" sizes=\"(max-width: 1024px) 100vw, 1024px\" \/><\/figure>\n\n\n\n<p class=\"has-text-color has-small-font-size\" style=\"color:#67696b\">Na imagem: Da esquerda para direita: F\u00e1bio Cooper, s\u00f3cio do CBS Advogados. Lu\u00eds Roberto Barroso, Ministro do STF e presidente do CNJ. Ana Paula Pellegrina Lockmann, presidente do TRT-15.<\/p>\n\n\n\n<p class=\"has-text-color has-small-font-size\" style=\"color:#67696b\">Foto: Antonio Augusto\/STF<\/p>\n\n\n\n<p>O presidente do Supremo Tribunal Federal (STF) e do Conselho Nacional de Justi\u00e7a (CNJ), ministro Lu\u00eds Roberto Barroso, recebeu nesta segunda-feira (17) a comenda \u201cGrande Colar do M\u00e9rito Judici\u00e1rio\u201d, do Tribunal Regional do Trabalho da 15\u00aa Regi\u00e3o (TRT-15), em Campinas.<\/p>\n\n\n\n<p>Acompahada de nosso s\u00f3cio e ex-presidente da 3a Turma do tribunal, o desembargador aposentado Fabio Cooper, a desembargadora Ana Paula Pellegrina Lockmann, atual presidente do TRT-15, falou em nome do tribunal e disse que a entrega do colar simboliza o respeito e a admira\u00e7\u00e3o pelo trabalho realizado pelo ministro em prol da Justi\u00e7a do Trabalho.<\/p>\n\n\n\n<p>O ministro Barroso destacou que a Justi\u00e7a do Trabalho \u00e9 considerada pelo cidad\u00e3o como a mais acess\u00edvel e lembrou que, recentemente, o CNJ aprovou resolu\u00e7\u00e3o que fortalece a Justi\u00e7a Trabalhista ao prever a homologa\u00e7\u00e3o judicial de recis\u00e3o de contrato de trabalho e diminuir a litigiosidade.<\/p>\n\n\n\n<p>Para n\u00f3s do Caminha Barbosa &amp; Siphone Advogados \u00e9 uma enorme alegria participar dessa honraria essencial \u00e0 justi\u00e7a. Deixamos aqui nossa parabeniza\u00e7\u00e3o ao Ministro e ao nosso querido desembargador.<\/p>\n\n\n\n<p>\u00cdntegra dispon\u00edvel no <a href=\"https:\/\/noticias.stf.jus.br\/postsnoticias\/presidente-do-stf-e-do-cnj-recebe-homenagem-no-trt-15-em-campinas\/#:~:text=O%20presidente%20do%20Supremo%20Tribunal,%2D15)%2C%20em%20Campinas.\">site do STF<\/a>.<\/p>","protected":false},"excerpt":{"rendered":"<p>Na imagem: Da esquerda para direita: F\u00e1bio Cooper, s\u00f3cio do CBS Advogados. Lu\u00eds Roberto Barroso, Ministro do STF e presidente do CNJ. Ana Paula Pellegrina Lockmann, presidente do TRT-15. Foto: Antonio Augusto\/STF O presidente do Supremo Tribunal Federal (STF) e do Conselho Nacional de Justi\u00e7a (CNJ), ministro Lu\u00eds Roberto Barroso, recebeu nesta segunda-feira (17) a [&hellip;]<\/p>","protected":false},"author":2,"featured_media":0,"comment_status":"open","ping_status":"open","sticky":false,"template":"","format":"standard","meta":[],"categories":[41,43],"tags":[],"yoast_head":"<!-- This site is optimized with the Yoast SEO plugin v20.11 - https:\/\/yoast.com\/wordpress\/plugins\/seo\/ -->\n<title>F\u00e1bio Cooper participa de homenagem ao Ministro Barroso no TRT-15 - Caminha Barbosa &amp; Siphone Advogados<\/title>\n<meta name=\"robots\" content=\"index, follow, max-snippet:-1, max-image-preview:large, max-video-preview:-1\" \/>\n<link rel=\"canonical\" href=\"https:\/\/cbsadvogados.com.br\/es\/2025\/02\/20\/fabio-cooper-participa-de-homenagem-ao-ministro-barroso-no-trt-15\/\" \/>\n<meta property=\"og:locale\" content=\"es_ES\" \/>\n<meta property=\"og:type\" content=\"article\" \/>\n<meta property=\"og:title\" content=\"F\u00e1bio Cooper participa de homenagem ao Ministro Barroso no TRT-15 - Caminha Barbosa &amp; Siphone Advogados\" \/>\n<meta property=\"og:description\" content=\"Na imagem: Da esquerda para direita: F\u00e1bio Cooper, s\u00f3cio do CBS Advogados. Lu\u00eds Roberto Barroso, Ministro do STF e presidente do CNJ. Ana Paula Pellegrina Lockmann, presidente do TRT-15. Foto: Antonio Augusto\/STF O presidente do Supremo Tribunal Federal (STF) e do Conselho Nacional de Justi\u00e7a (CNJ), ministro Lu\u00eds Roberto Barroso, recebeu nesta segunda-feira (17) a [&hellip;]\" \/>\n<meta property=\"og:url\" content=\"https:\/\/cbsadvogados.com.br\/es\/2025\/02\/20\/fabio-cooper-participa-de-homenagem-ao-ministro-barroso-no-trt-15\/\" \/>\n<meta property=\"og:site_name\" content=\"Caminha Barbosa &amp; Siphone Advogados\" \/>\n<meta property=\"article:published_time\" content=\"2025-02-20T16:45:33+00:00\" \/>\n<meta property=\"article:modified_time\" content=\"2025-02-20T16:50:48+00:00\" \/>\n<meta property=\"og:image\" content=\"https:\/\/cbsadvogados.com.br\/wp-content\/uploads\/2025\/02\/Fabio-e-Barroso-1-1024x702.webp\" \/>\n<meta name=\"author\" content=\"Atendimento CBS\" \/>\n<meta name=\"twitter:card\" content=\"summary_large_image\" \/>\n<meta name=\"twitter:label1\" content=\"Escrito por\" \/>\n\t<meta name=\"twitter:data1\" content=\"Atendimento CBS\" \/>\n\t<meta name=\"twitter:label2\" content=\"Tiempo de lectura\" \/>\n\t<meta name=\"twitter:data2\" content=\"2 minutos\" \/>\n<script type=\"application\/ld+json\" class=\"yoast-schema-graph\">{\"@context\":\"https:\/\/schema.org\",\"@graph\":[{\"@type\":\"Article\",\"@id\":\"https:\/\/cbsadvogados.com.br\/2025\/02\/20\/fabio-cooper-participa-de-homenagem-ao-ministro-barroso-no-trt-15\/#article\",\"isPartOf\":{\"@id\":\"https:\/\/cbsadvogados.com.br\/2025\/02\/20\/fabio-cooper-participa-de-homenagem-ao-ministro-barroso-no-trt-15\/\"},\"author\":{\"name\":\"Atendimento CBS\",\"@id\":\"https:\/\/cbsadvogados.com.br\/#\/schema\/person\/f5cb1dd00f038a7e9cdde9ce901a85b5\"},\"headline\":\"F\u00e1bio Cooper participa de homenagem ao Ministro Barroso no TRT-15\",\"datePublished\":\"2025-02-20T16:45:33+00:00\",\"dateModified\":\"2025-02-20T16:50:48+00:00\",\"mainEntityOfPage\":{\"@id\":\"https:\/\/cbsadvogados.com.br\/2025\/02\/20\/fabio-cooper-participa-de-homenagem-ao-ministro-barroso-no-trt-15\/\"},\"wordCount\":236,\"commentCount\":0,\"publisher\":{\"@id\":\"https:\/\/cbsadvogados.com.br\/#organization\"},\"articleSection\":[\"Conte\u00fados\",\"Eventos\"],\"inLanguage\":\"es\",\"potentialAction\":[{\"@type\":\"CommentAction\",\"name\":\"Comment\",\"target\":[\"https:\/\/cbsadvogados.com.br\/2025\/02\/20\/fabio-cooper-participa-de-homenagem-ao-ministro-barroso-no-trt-15\/#respond\"]}]},{\"@type\":\"WebPage\",\"@id\":\"https:\/\/cbsadvogados.com.br\/2025\/02\/20\/fabio-cooper-participa-de-homenagem-ao-ministro-barroso-no-trt-15\/\",\"url\":\"https:\/\/cbsadvogados.com.br\/2025\/02\/20\/fabio-cooper-participa-de-homenagem-ao-ministro-barroso-no-trt-15\/\",\"name\":\"F\u00e1bio Cooper participa de homenagem ao Ministro Barroso no TRT-15 - Caminha Barbosa &amp; Siphone Advogados\",\"isPartOf\":{\"@id\":\"https:\/\/cbsadvogados.com.br\/#website\"},\"datePublished\":\"2025-02-20T16:45:33+00:00\",\"dateModified\":\"2025-02-20T16:50:48+00:00\",\"breadcrumb\":{\"@id\":\"https:\/\/cbsadvogados.com.br\/2025\/02\/20\/fabio-cooper-participa-de-homenagem-ao-ministro-barroso-no-trt-15\/#breadcrumb\"},\"inLanguage\":\"es\",\"potentialAction\":[{\"@type\":\"ReadAction\",\"target\":[\"https:\/\/cbsadvogados.com.br\/2025\/02\/20\/fabio-cooper-participa-de-homenagem-ao-ministro-barroso-no-trt-15\/\"]}]},{\"@type\":\"BreadcrumbList\",\"@id\":\"https:\/\/cbsadvogados.com.br\/2025\/02\/20\/fabio-cooper-participa-de-homenagem-ao-ministro-barroso-no-trt-15\/#breadcrumb\",\"itemListElement\":[{\"@type\":\"ListItem\",\"position\":1,\"name\":\"In\u00edcio\",\"item\":\"https:\/\/cbsadvogados.com.br\/\"},{\"@type\":\"ListItem\",\"position\":2,\"name\":\"F\u00e1bio Cooper participa de homenagem ao Ministro Barroso no TRT-15\"}]},{\"@type\":\"WebSite\",\"@id\":\"https:\/\/cbsadvogados.com.br\/#website\",\"url\":\"https:\/\/cbsadvogados.com.br\/\",\"name\":\"Caminha Barbosa &amp; Siphone Advogados\",\"description\":\"\",\"publisher\":{\"@id\":\"https:\/\/cbsadvogados.com.br\/#organization\"},\"potentialAction\":[{\"@type\":\"SearchAction\",\"target\":{\"@type\":\"EntryPoint\",\"urlTemplate\":\"https:\/\/cbsadvogados.com.br\/?s={search_term_string}\"},\"query-input\":\"required name=search_term_string\"}],\"inLanguage\":\"es\"},{\"@type\":\"Organization\",\"@id\":\"https:\/\/cbsadvogados.com.br\/#organization\",\"name\":\"Caminha Barbosa &amp; Siphone Advogados\",\"url\":\"https:\/\/cbsadvogados.com.br\/\",\"logo\":{\"@type\":\"ImageObject\",\"inLanguage\":\"es\",\"@id\":\"https:\/\/cbsadvogados.com.br\/#\/schema\/logo\/image\/\",\"url\":\"https:\/\/cbsadvogados.com.br\/wp-content\/uploads\/2023\/05\/Artigo-08-1.png\",\"contentUrl\":\"https:\/\/cbsadvogados.com.br\/wp-content\/uploads\/2023\/05\/Artigo-08-1.png\",\"width\":1290,\"height\":289,\"caption\":\"Caminha Barbosa &amp; Siphone Advogados\"},\"image\":{\"@id\":\"https:\/\/cbsadvogados.com.br\/#\/schema\/logo\/image\/\"}},{\"@type\":\"Person\",\"@id\":\"https:\/\/cbsadvogados.com.br\/#\/schema\/person\/f5cb1dd00f038a7e9cdde9ce901a85b5\",\"name\":\"Atendimento CBS\",\"image\":{\"@type\":\"ImageObject\",\"inLanguage\":\"es\",\"@id\":\"https:\/\/cbsadvogados.com.br\/#\/schema\/person\/image\/\",\"url\":\"https:\/\/secure.gravatar.com\/avatar\/0f9a4dc6576e3b7a21f6f3aeb9421071?s=96&d=mm&r=g\",\"contentUrl\":\"https:\/\/secure.gravatar.com\/avatar\/0f9a4dc6576e3b7a21f6f3aeb9421071?s=96&d=mm&r=g\",\"caption\":\"Atendimento CBS\"},\"url\":\"https:\/\/cbsadvogados.com.br\/es\/author\/atendimento-cbscbsadvogados-com-br\/\"}]}<\/script>\n<!-- \/ Yoast SEO plugin. -->","yoast_head_json":{"title":"F\u00e1bio Cooper participa de homenagem ao Ministro Barroso no TRT-15 - Caminha Barbosa &amp; Siphone Advogados","robots":{"index":"index","follow":"follow","max-snippet":"max-snippet:-1","max-image-preview":"max-image-preview:large","max-video-preview":"max-video-preview:-1"},"canonical":"https:\/\/cbsadvogados.com.br\/es\/2025\/02\/20\/fabio-cooper-participa-de-homenagem-ao-ministro-barroso-no-trt-15\/","og_locale":"es_ES","og_type":"article","og_title":"F\u00e1bio Cooper participa de homenagem ao Ministro Barroso no TRT-15 - Caminha Barbosa &amp; Siphone Advogados","og_description":"Na imagem: Da esquerda para direita: F\u00e1bio Cooper, s\u00f3cio do CBS Advogados. Lu\u00eds Roberto Barroso, Ministro do STF e presidente do CNJ. Ana Paula Pellegrina Lockmann, presidente do TRT-15. Foto: Antonio Augusto\/STF O presidente do Supremo Tribunal Federal (STF) e do Conselho Nacional de Justi\u00e7a (CNJ), ministro Lu\u00eds Roberto Barroso, recebeu nesta segunda-feira (17) a [&hellip;]","og_url":"https:\/\/cbsadvogados.com.br\/es\/2025\/02\/20\/fabio-cooper-participa-de-homenagem-ao-ministro-barroso-no-trt-15\/","og_site_name":"Caminha Barbosa &amp; Siphone Advogados","article_published_time":"2025-02-20T16:45:33+00:00","article_modified_time":"2025-02-20T16:50:48+00:00","og_image":[{"url":"https:\/\/cbsadvogados.com.br\/wp-content\/uploads\/2025\/02\/Fabio-e-Barroso-1-1024x702.webp"}],"author":"Atendimento CBS","twitter_card":"summary_large_image","twitter_misc":{"Escrito por":"Atendimento CBS","Tiempo de lectura":"2 minutos"},"schema":{"@context":"https:\/\/schema.org","@graph":[{"@type":"Article","@id":"https:\/\/cbsadvogados.com.br\/2025\/02\/20\/fabio-cooper-participa-de-homenagem-ao-ministro-barroso-no-trt-15\/#article","isPartOf":{"@id":"https:\/\/cbsadvogados.com.br\/2025\/02\/20\/fabio-cooper-participa-de-homenagem-ao-ministro-barroso-no-trt-15\/"},"author":{"name":"Atendimento CBS","@id":"https:\/\/cbsadvogados.com.br\/#\/schema\/person\/f5cb1dd00f038a7e9cdde9ce901a85b5"},"headline":"F\u00e1bio Cooper participa de homenagem ao Ministro Barroso no TRT-15","datePublished":"2025-02-20T16:45:33+00:00","dateModified":"2025-02-20T16:50:48+00:00","mainEntityOfPage":{"@id":"https:\/\/cbsadvogados.com.br\/2025\/02\/20\/fabio-cooper-participa-de-homenagem-ao-ministro-barroso-no-trt-15\/"},"wordCount":236,"commentCount":0,"publisher":{"@id":"https:\/\/cbsadvogados.com.br\/#organization"},"articleSection":["Conte\u00fados","Eventos"],"inLanguage":"es","potentialAction":[{"@type":"CommentAction","name":"Comment","target":["https:\/\/cbsadvogados.com.br\/2025\/02\/20\/fabio-cooper-participa-de-homenagem-ao-ministro-barroso-no-trt-15\/#respond"]}]},{"@type":"WebPage","@id":"https:\/\/cbsadvogados.com.br\/2025\/02\/20\/fabio-cooper-participa-de-homenagem-ao-ministro-barroso-no-trt-15\/","url":"https:\/\/cbsadvogados.com.br\/2025\/02\/20\/fabio-cooper-participa-de-homenagem-ao-ministro-barroso-no-trt-15\/","name":"F\u00e1bio Cooper participa de homenagem ao Ministro Barroso no TRT-15 - Caminha Barbosa &amp; Siphone Advogados","isPartOf":{"@id":"https:\/\/cbsadvogados.com.br\/#website"},"datePublished":"2025-02-20T16:45:33+00:00","dateModified":"2025-02-20T16:50:48+00:00","breadcrumb":{"@id":"https:\/\/cbsadvogados.com.br\/2025\/02\/20\/fabio-cooper-participa-de-homenagem-ao-ministro-barroso-no-trt-15\/#breadcrumb"},"inLanguage":"es","potentialAction":[{"@type":"ReadAction","target":["https:\/\/cbsadvogados.com.br\/2025\/02\/20\/fabio-cooper-participa-de-homenagem-ao-ministro-barroso-no-trt-15\/"]}]},{"@type":"BreadcrumbList","@id":"https:\/\/cbsadvogados.com.br\/2025\/02\/20\/fabio-cooper-participa-de-homenagem-ao-ministro-barroso-no-trt-15\/#breadcrumb","itemListElement":[{"@type":"ListItem","position":1,"name":"In\u00edcio","item":"https:\/\/cbsadvogados.com.br\/"},{"@type":"ListItem","position":2,"name":"F\u00e1bio Cooper participa de homenagem ao Ministro Barroso no TRT-15"}]},{"@type":"WebSite","@id":"https:\/\/cbsadvogados.com.br\/#website","url":"https:\/\/cbsadvogados.com.br\/","name":"Caminha Barbosa &amp; Siphone Advogados","description":"","publisher":{"@id":"https:\/\/cbsadvogados.com.br\/#organization"},"potentialAction":[{"@type":"SearchAction","target":{"@type":"EntryPoint","urlTemplate":"https:\/\/cbsadvogados.com.br\/?s={search_term_string}"},"query-input":"required name=search_term_string"}],"inLanguage":"es"},{"@type":"Organization","@id":"https:\/\/cbsadvogados.com.br\/#organization","name":"Caminha Barbosa &amp; Siphone Advogados","url":"https:\/\/cbsadvogados.com.br\/","logo":{"@type":"ImageObject","inLanguage":"es","@id":"https:\/\/cbsadvogados.com.br\/#\/schema\/logo\/image\/","url":"https:\/\/cbsadvogados.com.br\/wp-content\/uploads\/2023\/05\/Artigo-08-1.png","contentUrl":"https:\/\/cbsadvogados.com.br\/wp-content\/uploads\/2023\/05\/Artigo-08-1.png","width":1290,"height":289,"caption":"Caminha Barbosa &amp; Siphone Advogados"},"image":{"@id":"https:\/\/cbsadvogados.com.br\/#\/schema\/logo\/image\/"}},{"@type":"Person","@id":"https:\/\/cbsadvogados.com.br\/#\/schema\/person\/f5cb1dd00f038a7e9cdde9ce901a85b5","name":"Atendimento CBS","image":{"@type":"ImageObject","inLanguage":"es","@id":"https:\/\/cbsadvogados.com.br\/#\/schema\/person\/image\/","url":"https:\/\/secure.gravatar.com\/avatar\/0f9a4dc6576e3b7a21f6f3aeb9421071?s=96&d=mm&r=g","contentUrl":"https:\/\/secure.gravatar.com\/avatar\/0f9a4dc6576e3b7a21f6f3aeb9421071?s=96&d=mm&r=g","caption":"Atendimento CBS"},"url":"https:\/\/cbsadvogados.com.br\/es\/author\/atendimento-cbscbsadvogados-com-br\/"}]}},"_links":{"self":[{"href":"https:\/\/cbsadvogados.com.br\/es\/wp-json\/wp\/v2\/posts\/1964"}],"collection":[{"href":"https:\/\/cbsadvogados.com.br\/es\/wp-json\/wp\/v2\/posts"}],"about":[{"href":"https:\/\/cbsadvogados.com.br\/es\/wp-json\/wp\/v2\/types\/post"}],"author":[{"embeddable":true,"href":"https:\/\/cbsadvogados.com.br\/es\/wp-json\/wp\/v2\/users\/2"}],"replies":[{"embeddable":true,"href":"https:\/\/cbsadvogados.com.br\/es\/wp-json\/wp\/v2\/comments?post=1964"}],"version-history":[{"count":4,"href":"https:\/\/cbsadvogados.com.br\/es\/wp-json\/wp\/v2\/posts\/1964\/revisions"}],"predecessor-version":[{"id":1975,"href":"https:\/\/cbsadvogados.com.br\/es\/wp-json\/wp\/v2\/posts\/1964\/revisions\/1975"}],"wp:attachment":[{"href":"https:\/\/cbsadvogados.com.br\/es\/wp-json\/wp\/v2\/media?parent=1964"}],"wp:term":[{"taxonomy":"category","embeddable":true,"href":"https:\/\/cbsadvogados.com.br\/es\/wp-json\/wp\/v2\/categories?post=1964"},{"taxonomy":"post_tag","embeddable":true,"href":"https:\/\/cbsadvogados.com.br\/es\/wp-json\/wp\/v2\/tags?post=1964"}],"curies":[{"name":"wp","href":"https:\/\/api.w.org\/{rel}","templated":true}]}}