{"id":1889,"date":"2024-04-30T11:57:39","date_gmt":"2024-04-30T14:57:39","guid":{"rendered":"https:\/\/cbsadvogados.com.br\/?p=1889"},"modified":"2024-04-30T11:57:41","modified_gmt":"2024-04-30T14:57:41","slug":"a-importancia-da-politica-de-uso-e-recursos-corporativos-para-o-juridico-de-grandes-empresas","status":"publish","type":"post","link":"https:\/\/cbsadvogados.com.br\/es\/2024\/04\/30\/a-importancia-da-politica-de-uso-e-recursos-corporativos-para-o-juridico-de-grandes-empresas\/","title":{"rendered":"A Import\u00e2ncia da Pol\u00edtica de Uso e Recursos Corporativos para o Jur\u00eddico de Grandes Empresas"},"content":{"rendered":"<p><em>Por: <\/em><a href=\"https:\/\/www.linkedin.com\/in\/agnis-monfredini-de-faria-62255b176\/\"><em>Agnis Monfredini<\/em><\/a><\/p>\n\n\n\n<p>Em um mundo corporativo cada vez mais regulado e digital, a governan\u00e7a de recursos se torna essencial para qualquer grande empresa. A implementa\u00e7\u00e3o de uma pol\u00edtica de uso e recursos corporativos \u00e9 fundamental para garantir que os ativos da empresa sejam utilizados de maneira eficaz, \u00e9tica e em conformidade com as normativas legais. Mas, afinal, o que envolve essa pol\u00edtica e por que ela \u00e9 t\u00e3o crucial para o departamento jur\u00eddico das grandes corpora\u00e7\u00f5es?<\/p>\n\n\n\n<p><\/p>\n\n\n\n<p><strong>O que seria uma Pol\u00edtica de Uso e Recursos Corporativos?<\/strong><\/p>\n\n\n\n<p>Uma pol\u00edtica de uso e recursos corporativos \u00e9 um <strong>conjunto detalhado de diretrizes destinado a orientar os funcion\u00e1rios sobre o uso adequado e respons\u00e1vel dos recursos da empresa<\/strong>. Esses recursos incluem, mas n\u00e3o est\u00e3o limitados a, tecnologia da informa\u00e7\u00e3o, dados, infraestrutura f\u00edsica e comunica\u00e7\u00f5es. O principal objetivo dessa pol\u00edtica \u00e9 proteger os ativos da empresa e assegurar que seu uso esteja alinhado com os objetivos estrat\u00e9gicos e a compliance corporativa.<\/p>\n\n\n\n<p><strong>Pontos Abordados pela Pol\u00edtica:<\/strong><\/p>\n\n\n\n<p>A pol\u00edtica geralmente cobre v\u00e1rias \u00e1reas, incluindo:<\/p>\n\n\n\n<ol>\n<li><strong>Tecnologia e Equipamentos:<\/strong> Diretrizes sobre o uso correto e seguro de dispositivos tecnol\u00f3gicos e software.<\/li>\n\n\n\n<li><strong>Informa\u00e7\u00f5es Corporativas:<\/strong> Normas para a gest\u00e3o e prote\u00e7\u00e3o de dados sens\u00edveis e propriedade intelectual.<\/li>\n\n\n\n<li><strong>Instala\u00e7\u00f5es da Empresa: <\/strong>Regras para o uso adequado das instala\u00e7\u00f5es f\u00edsicas da empresa.<\/li>\n\n\n\n<li><strong>Comunica\u00e7\u00e3o:<\/strong> Instru\u00e7\u00f5es sobre o uso dos sistemas de comunica\u00e7\u00e3o corporativos, incluindo e-mail e redes sociais.<\/li>\n\n\n\n<li><strong>Conduta:<\/strong> Expectativas quanto \u00e0 conduta dos funcion\u00e1rios ao utilizar os recursos corporativos.<\/li>\n<\/ol>\n\n\n\n<p><strong>Integra\u00e7\u00e3o na Cultura Organizacional:<\/strong><\/p>\n\n\n\n<p>Para que uma pol\u00edtica de uso e recursos corporativos seja efetiva, ela precisa ser <strong>parte integrante da cultura da empresa<\/strong>. Isso implica em treinamentos regulares, comunica\u00e7\u00e3o clara e acess\u00edvel a todos os n\u00edveis hier\u00e1rquicos e sistemas de monitoramento e fiscaliza\u00e7\u00e3o eficazes. A conscientiza\u00e7\u00e3o e o comprometimento cont\u00ednuos ajudam a garantir que todos os colaboradores entendam suas responsabilidades e as consequ\u00eancias de n\u00e3o cumprir com a pol\u00edtica.<\/p>\n\n\n\n<p>Na vis\u00e3o de <a href=\"https:\/\/www.linkedin.com\/in\/pedro-ciccone-171a223a\/\">Pedro Ciccone<\/a>, s\u00f3cio e especialista em Compliance do Escrit\u00f3rio, \u201ca implementa\u00e7\u00e3o de pol\u00edticas eficazes de uso e recursos corporativos permite \u00e0s empresas exercer um adequado controle de sua propriedade intelectual e informa\u00e7\u00f5es confidenciais, bem como traz transpar\u00eancia ao ambiente corporativo, na medida em que todos os colaboradores ficam cientes das regras de monitoramento de recursos e informa\u00e7\u00f5es corporativas, com maior seguran\u00e7a jur\u00eddica a todos os envolvidos\u201d.&nbsp;&nbsp;<\/p>\n\n\n\n<p>Mais do que um mero conjunto de regras, as Pol\u00edticas de Uso e Recursos s\u00e3o uma parte fundamental da estrutura de governan\u00e7a de uma empresa. Ajudam a proteger contra riscos legais, melhoram a efici\u00eancia operacional e sustentam a integridade e reputa\u00e7\u00e3o da empresa.\u00a0<\/p>\n\n\n\n<p>Gostou da informa\u00e7\u00e3o? No CBS Advogados, entendemos a complexidade dessas pol\u00edticas e oferecemos o suporte necess\u00e1rio para desenvolver, implementar e manter a conformidade em sua organiza\u00e7\u00e3o.&nbsp;<\/p>\n\n\n\n<p>Entre em <a href=\"https:\/\/cbsadvogados.com.br\/es\/fale-conosco\/\">contato<\/a> conosco para receber orienta\u00e7\u00e3o jur\u00eddica de qualidade e garantir que sua empresa esteja protegida e em conformidade com as normativas vigentes.<\/p>","protected":false},"excerpt":{"rendered":"<p>Por: Agnis Monfredini Em um mundo corporativo cada vez mais regulado e digital, a governan\u00e7a de recursos se torna essencial para qualquer grande empresa. A implementa\u00e7\u00e3o de uma pol\u00edtica de uso e recursos corporativos \u00e9 fundamental para garantir que os ativos da empresa sejam utilizados de maneira eficaz, \u00e9tica e em conformidade com as normativas [&hellip;]<\/p>","protected":false},"author":2,"featured_media":1890,"comment_status":"open","ping_status":"open","sticky":false,"template":"","format":"standard","meta":[],"categories":[41],"tags":[],"yoast_head":"<!-- This site is optimized with the Yoast SEO plugin v20.11 - https:\/\/yoast.com\/wordpress\/plugins\/seo\/ -->\n<title>A Import\u00e2ncia da Pol\u00edtica de Uso e Recursos Corporativos para o Jur\u00eddico de Grandes Empresas - Caminha Barbosa &amp; Siphone Advogados<\/title>\n<meta name=\"robots\" content=\"index, follow, max-snippet:-1, max-image-preview:large, max-video-preview:-1\" \/>\n<link rel=\"canonical\" href=\"https:\/\/cbsadvogados.com.br\/es\/2024\/04\/30\/a-importancia-da-politica-de-uso-e-recursos-corporativos-para-o-juridico-de-grandes-empresas\/\" \/>\n<meta property=\"og:locale\" content=\"es_ES\" \/>\n<meta property=\"og:type\" content=\"article\" \/>\n<meta property=\"og:title\" content=\"A Import\u00e2ncia da Pol\u00edtica de Uso e Recursos Corporativos para o Jur\u00eddico de Grandes Empresas - Caminha Barbosa &amp; Siphone Advogados\" \/>\n<meta property=\"og:description\" content=\"Por: Agnis Monfredini Em um mundo corporativo cada vez mais regulado e digital, a governan\u00e7a de recursos se torna essencial para qualquer grande empresa. A implementa\u00e7\u00e3o de uma pol\u00edtica de uso e recursos corporativos \u00e9 fundamental para garantir que os ativos da empresa sejam utilizados de maneira eficaz, \u00e9tica e em conformidade com as normativas [&hellip;]\" \/>\n<meta property=\"og:url\" content=\"https:\/\/cbsadvogados.com.br\/es\/2024\/04\/30\/a-importancia-da-politica-de-uso-e-recursos-corporativos-para-o-juridico-de-grandes-empresas\/\" \/>\n<meta property=\"og:site_name\" content=\"Caminha Barbosa &amp; Siphone Advogados\" \/>\n<meta property=\"article:published_time\" content=\"2024-04-30T14:57:39+00:00\" \/>\n<meta property=\"article:modified_time\" content=\"2024-04-30T14:57:41+00:00\" \/>\n<meta property=\"og:image\" content=\"https:\/\/cbsadvogados.com.br\/wp-content\/uploads\/2024\/04\/Borda-CBS-5-726x1024.png\" \/>\n\t<meta property=\"og:image:width\" content=\"726\" \/>\n\t<meta property=\"og:image:height\" content=\"1024\" \/>\n\t<meta property=\"og:image:type\" content=\"image\/png\" \/>\n<meta name=\"author\" content=\"Atendimento CBS\" \/>\n<meta name=\"twitter:card\" content=\"summary_large_image\" \/>\n<meta name=\"twitter:label1\" content=\"Escrito por\" \/>\n\t<meta name=\"twitter:data1\" content=\"Atendimento CBS\" \/>\n\t<meta name=\"twitter:label2\" content=\"Tiempo de lectura\" \/>\n\t<meta name=\"twitter:data2\" content=\"3 minutos\" \/>\n<script type=\"application\/ld+json\" class=\"yoast-schema-graph\">{\"@context\":\"https:\/\/schema.org\",\"@graph\":[{\"@type\":\"Article\",\"@id\":\"https:\/\/cbsadvogados.com.br\/2024\/04\/30\/a-importancia-da-politica-de-uso-e-recursos-corporativos-para-o-juridico-de-grandes-empresas\/#article\",\"isPartOf\":{\"@id\":\"https:\/\/cbsadvogados.com.br\/2024\/04\/30\/a-importancia-da-politica-de-uso-e-recursos-corporativos-para-o-juridico-de-grandes-empresas\/\"},\"author\":{\"name\":\"Atendimento CBS\",\"@id\":\"https:\/\/cbsadvogados.com.br\/#\/schema\/person\/f5cb1dd00f038a7e9cdde9ce901a85b5\"},\"headline\":\"A Import\u00e2ncia da Pol\u00edtica de Uso e Recursos Corporativos para o Jur\u00eddico de Grandes Empresas\",\"datePublished\":\"2024-04-30T14:57:39+00:00\",\"dateModified\":\"2024-04-30T14:57:41+00:00\",\"mainEntityOfPage\":{\"@id\":\"https:\/\/cbsadvogados.com.br\/2024\/04\/30\/a-importancia-da-politica-de-uso-e-recursos-corporativos-para-o-juridico-de-grandes-empresas\/\"},\"wordCount\":551,\"commentCount\":0,\"publisher\":{\"@id\":\"https:\/\/cbsadvogados.com.br\/#organization\"},\"articleSection\":[\"Conte\u00fados\"],\"inLanguage\":\"es\",\"potentialAction\":[{\"@type\":\"CommentAction\",\"name\":\"Comment\",\"target\":[\"https:\/\/cbsadvogados.com.br\/2024\/04\/30\/a-importancia-da-politica-de-uso-e-recursos-corporativos-para-o-juridico-de-grandes-empresas\/#respond\"]}]},{\"@type\":\"WebPage\",\"@id\":\"https:\/\/cbsadvogados.com.br\/2024\/04\/30\/a-importancia-da-politica-de-uso-e-recursos-corporativos-para-o-juridico-de-grandes-empresas\/\",\"url\":\"https:\/\/cbsadvogados.com.br\/2024\/04\/30\/a-importancia-da-politica-de-uso-e-recursos-corporativos-para-o-juridico-de-grandes-empresas\/\",\"name\":\"A Import\u00e2ncia da Pol\u00edtica de Uso e Recursos Corporativos para o Jur\u00eddico de Grandes Empresas - Caminha Barbosa &amp; Siphone Advogados\",\"isPartOf\":{\"@id\":\"https:\/\/cbsadvogados.com.br\/#website\"},\"datePublished\":\"2024-04-30T14:57:39+00:00\",\"dateModified\":\"2024-04-30T14:57:41+00:00\",\"breadcrumb\":{\"@id\":\"https:\/\/cbsadvogados.com.br\/2024\/04\/30\/a-importancia-da-politica-de-uso-e-recursos-corporativos-para-o-juridico-de-grandes-empresas\/#breadcrumb\"},\"inLanguage\":\"es\",\"potentialAction\":[{\"@type\":\"ReadAction\",\"target\":[\"https:\/\/cbsadvogados.com.br\/2024\/04\/30\/a-importancia-da-politica-de-uso-e-recursos-corporativos-para-o-juridico-de-grandes-empresas\/\"]}]},{\"@type\":\"BreadcrumbList\",\"@id\":\"https:\/\/cbsadvogados.com.br\/2024\/04\/30\/a-importancia-da-politica-de-uso-e-recursos-corporativos-para-o-juridico-de-grandes-empresas\/#breadcrumb\",\"itemListElement\":[{\"@type\":\"ListItem\",\"position\":1,\"name\":\"In\u00edcio\",\"item\":\"https:\/\/cbsadvogados.com.br\/\"},{\"@type\":\"ListItem\",\"position\":2,\"name\":\"A Import\u00e2ncia da Pol\u00edtica de Uso e Recursos Corporativos para o Jur\u00eddico de Grandes Empresas\"}]},{\"@type\":\"WebSite\",\"@id\":\"https:\/\/cbsadvogados.com.br\/#website\",\"url\":\"https:\/\/cbsadvogados.com.br\/\",\"name\":\"Caminha Barbosa &amp; Siphone Advogados\",\"description\":\"\",\"publisher\":{\"@id\":\"https:\/\/cbsadvogados.com.br\/#organization\"},\"potentialAction\":[{\"@type\":\"SearchAction\",\"target\":{\"@type\":\"EntryPoint\",\"urlTemplate\":\"https:\/\/cbsadvogados.com.br\/?s={search_term_string}\"},\"query-input\":\"required name=search_term_string\"}],\"inLanguage\":\"es\"},{\"@type\":\"Organization\",\"@id\":\"https:\/\/cbsadvogados.com.br\/#organization\",\"name\":\"Caminha Barbosa &amp; Siphone Advogados\",\"url\":\"https:\/\/cbsadvogados.com.br\/\",\"logo\":{\"@type\":\"ImageObject\",\"inLanguage\":\"es\",\"@id\":\"https:\/\/cbsadvogados.com.br\/#\/schema\/logo\/image\/\",\"url\":\"https:\/\/cbsadvogados.com.br\/wp-content\/uploads\/2023\/05\/Artigo-08-1.png\",\"contentUrl\":\"https:\/\/cbsadvogados.com.br\/wp-content\/uploads\/2023\/05\/Artigo-08-1.png\",\"width\":1290,\"height\":289,\"caption\":\"Caminha Barbosa &amp; Siphone Advogados\"},\"image\":{\"@id\":\"https:\/\/cbsadvogados.com.br\/#\/schema\/logo\/image\/\"}},{\"@type\":\"Person\",\"@id\":\"https:\/\/cbsadvogados.com.br\/#\/schema\/person\/f5cb1dd00f038a7e9cdde9ce901a85b5\",\"name\":\"Atendimento CBS\",\"image\":{\"@type\":\"ImageObject\",\"inLanguage\":\"es\",\"@id\":\"https:\/\/cbsadvogados.com.br\/#\/schema\/person\/image\/\",\"url\":\"https:\/\/secure.gravatar.com\/avatar\/0f9a4dc6576e3b7a21f6f3aeb9421071?s=96&d=mm&r=g\",\"contentUrl\":\"https:\/\/secure.gravatar.com\/avatar\/0f9a4dc6576e3b7a21f6f3aeb9421071?s=96&d=mm&r=g\",\"caption\":\"Atendimento CBS\"},\"url\":\"https:\/\/cbsadvogados.com.br\/es\/author\/atendimento-cbscbsadvogados-com-br\/\"}]}<\/script>\n<!-- \/ Yoast SEO plugin. -->","yoast_head_json":{"title":"A Import\u00e2ncia da Pol\u00edtica de Uso e Recursos Corporativos para o Jur\u00eddico de Grandes Empresas - Caminha Barbosa &amp; Siphone Advogados","robots":{"index":"index","follow":"follow","max-snippet":"max-snippet:-1","max-image-preview":"max-image-preview:large","max-video-preview":"max-video-preview:-1"},"canonical":"https:\/\/cbsadvogados.com.br\/es\/2024\/04\/30\/a-importancia-da-politica-de-uso-e-recursos-corporativos-para-o-juridico-de-grandes-empresas\/","og_locale":"es_ES","og_type":"article","og_title":"A Import\u00e2ncia da Pol\u00edtica de Uso e Recursos Corporativos para o Jur\u00eddico de Grandes Empresas - Caminha Barbosa &amp; Siphone Advogados","og_description":"Por: Agnis Monfredini Em um mundo corporativo cada vez mais regulado e digital, a governan\u00e7a de recursos se torna essencial para qualquer grande empresa. A implementa\u00e7\u00e3o de uma pol\u00edtica de uso e recursos corporativos \u00e9 fundamental para garantir que os ativos da empresa sejam utilizados de maneira eficaz, \u00e9tica e em conformidade com as normativas [&hellip;]","og_url":"https:\/\/cbsadvogados.com.br\/es\/2024\/04\/30\/a-importancia-da-politica-de-uso-e-recursos-corporativos-para-o-juridico-de-grandes-empresas\/","og_site_name":"Caminha Barbosa &amp; Siphone Advogados","article_published_time":"2024-04-30T14:57:39+00:00","article_modified_time":"2024-04-30T14:57:41+00:00","og_image":[{"width":726,"height":1024,"url":"https:\/\/cbsadvogados.com.br\/wp-content\/uploads\/2024\/04\/Borda-CBS-5-726x1024.png","type":"image\/png"}],"author":"Atendimento CBS","twitter_card":"summary_large_image","twitter_misc":{"Escrito por":"Atendimento CBS","Tiempo de lectura":"3 minutos"},"schema":{"@context":"https:\/\/schema.org","@graph":[{"@type":"Article","@id":"https:\/\/cbsadvogados.com.br\/2024\/04\/30\/a-importancia-da-politica-de-uso-e-recursos-corporativos-para-o-juridico-de-grandes-empresas\/#article","isPartOf":{"@id":"https:\/\/cbsadvogados.com.br\/2024\/04\/30\/a-importancia-da-politica-de-uso-e-recursos-corporativos-para-o-juridico-de-grandes-empresas\/"},"author":{"name":"Atendimento CBS","@id":"https:\/\/cbsadvogados.com.br\/#\/schema\/person\/f5cb1dd00f038a7e9cdde9ce901a85b5"},"headline":"A Import\u00e2ncia da Pol\u00edtica de Uso e Recursos Corporativos para o Jur\u00eddico de Grandes Empresas","datePublished":"2024-04-30T14:57:39+00:00","dateModified":"2024-04-30T14:57:41+00:00","mainEntityOfPage":{"@id":"https:\/\/cbsadvogados.com.br\/2024\/04\/30\/a-importancia-da-politica-de-uso-e-recursos-corporativos-para-o-juridico-de-grandes-empresas\/"},"wordCount":551,"commentCount":0,"publisher":{"@id":"https:\/\/cbsadvogados.com.br\/#organization"},"articleSection":["Conte\u00fados"],"inLanguage":"es","potentialAction":[{"@type":"CommentAction","name":"Comment","target":["https:\/\/cbsadvogados.com.br\/2024\/04\/30\/a-importancia-da-politica-de-uso-e-recursos-corporativos-para-o-juridico-de-grandes-empresas\/#respond"]}]},{"@type":"WebPage","@id":"https:\/\/cbsadvogados.com.br\/2024\/04\/30\/a-importancia-da-politica-de-uso-e-recursos-corporativos-para-o-juridico-de-grandes-empresas\/","url":"https:\/\/cbsadvogados.com.br\/2024\/04\/30\/a-importancia-da-politica-de-uso-e-recursos-corporativos-para-o-juridico-de-grandes-empresas\/","name":"A Import\u00e2ncia da Pol\u00edtica de Uso e Recursos Corporativos para o Jur\u00eddico de Grandes Empresas - Caminha Barbosa &amp; Siphone Advogados","isPartOf":{"@id":"https:\/\/cbsadvogados.com.br\/#website"},"datePublished":"2024-04-30T14:57:39+00:00","dateModified":"2024-04-30T14:57:41+00:00","breadcrumb":{"@id":"https:\/\/cbsadvogados.com.br\/2024\/04\/30\/a-importancia-da-politica-de-uso-e-recursos-corporativos-para-o-juridico-de-grandes-empresas\/#breadcrumb"},"inLanguage":"es","potentialAction":[{"@type":"ReadAction","target":["https:\/\/cbsadvogados.com.br\/2024\/04\/30\/a-importancia-da-politica-de-uso-e-recursos-corporativos-para-o-juridico-de-grandes-empresas\/"]}]},{"@type":"BreadcrumbList","@id":"https:\/\/cbsadvogados.com.br\/2024\/04\/30\/a-importancia-da-politica-de-uso-e-recursos-corporativos-para-o-juridico-de-grandes-empresas\/#breadcrumb","itemListElement":[{"@type":"ListItem","position":1,"name":"In\u00edcio","item":"https:\/\/cbsadvogados.com.br\/"},{"@type":"ListItem","position":2,"name":"A Import\u00e2ncia da Pol\u00edtica de Uso e Recursos Corporativos para o Jur\u00eddico de Grandes Empresas"}]},{"@type":"WebSite","@id":"https:\/\/cbsadvogados.com.br\/#website","url":"https:\/\/cbsadvogados.com.br\/","name":"Caminha Barbosa &amp; Siphone Advogados","description":"","publisher":{"@id":"https:\/\/cbsadvogados.com.br\/#organization"},"potentialAction":[{"@type":"SearchAction","target":{"@type":"EntryPoint","urlTemplate":"https:\/\/cbsadvogados.com.br\/?s={search_term_string}"},"query-input":"required name=search_term_string"}],"inLanguage":"es"},{"@type":"Organization","@id":"https:\/\/cbsadvogados.com.br\/#organization","name":"Caminha Barbosa &amp; Siphone Advogados","url":"https:\/\/cbsadvogados.com.br\/","logo":{"@type":"ImageObject","inLanguage":"es","@id":"https:\/\/cbsadvogados.com.br\/#\/schema\/logo\/image\/","url":"https:\/\/cbsadvogados.com.br\/wp-content\/uploads\/2023\/05\/Artigo-08-1.png","contentUrl":"https:\/\/cbsadvogados.com.br\/wp-content\/uploads\/2023\/05\/Artigo-08-1.png","width":1290,"height":289,"caption":"Caminha Barbosa &amp; Siphone Advogados"},"image":{"@id":"https:\/\/cbsadvogados.com.br\/#\/schema\/logo\/image\/"}},{"@type":"Person","@id":"https:\/\/cbsadvogados.com.br\/#\/schema\/person\/f5cb1dd00f038a7e9cdde9ce901a85b5","name":"Atendimento CBS","image":{"@type":"ImageObject","inLanguage":"es","@id":"https:\/\/cbsadvogados.com.br\/#\/schema\/person\/image\/","url":"https:\/\/secure.gravatar.com\/avatar\/0f9a4dc6576e3b7a21f6f3aeb9421071?s=96&d=mm&r=g","contentUrl":"https:\/\/secure.gravatar.com\/avatar\/0f9a4dc6576e3b7a21f6f3aeb9421071?s=96&d=mm&r=g","caption":"Atendimento CBS"},"url":"https:\/\/cbsadvogados.com.br\/es\/author\/atendimento-cbscbsadvogados-com-br\/"}]}},"_links":{"self":[{"href":"https:\/\/cbsadvogados.com.br\/es\/wp-json\/wp\/v2\/posts\/1889"}],"collection":[{"href":"https:\/\/cbsadvogados.com.br\/es\/wp-json\/wp\/v2\/posts"}],"about":[{"href":"https:\/\/cbsadvogados.com.br\/es\/wp-json\/wp\/v2\/types\/post"}],"author":[{"embeddable":true,"href":"https:\/\/cbsadvogados.com.br\/es\/wp-json\/wp\/v2\/users\/2"}],"replies":[{"embeddable":true,"href":"https:\/\/cbsadvogados.com.br\/es\/wp-json\/wp\/v2\/comments?post=1889"}],"version-history":[{"count":1,"href":"https:\/\/cbsadvogados.com.br\/es\/wp-json\/wp\/v2\/posts\/1889\/revisions"}],"predecessor-version":[{"id":1891,"href":"https:\/\/cbsadvogados.com.br\/es\/wp-json\/wp\/v2\/posts\/1889\/revisions\/1891"}],"wp:featuredmedia":[{"embeddable":true,"href":"https:\/\/cbsadvogados.com.br\/es\/wp-json\/wp\/v2\/media\/1890"}],"wp:attachment":[{"href":"https:\/\/cbsadvogados.com.br\/es\/wp-json\/wp\/v2\/media?parent=1889"}],"wp:term":[{"taxonomy":"category","embeddable":true,"href":"https:\/\/cbsadvogados.com.br\/es\/wp-json\/wp\/v2\/categories?post=1889"},{"taxonomy":"post_tag","embeddable":true,"href":"https:\/\/cbsadvogados.com.br\/es\/wp-json\/wp\/v2\/tags?post=1889"}],"curies":[{"name":"wp","href":"https:\/\/api.w.org\/{rel}","templated":true}]}}