{"id":1374,"date":"2023-07-12T19:09:04","date_gmt":"2023-07-12T22:09:04","guid":{"rendered":"https:\/\/cbsadvogados.com.br\/?p=1374"},"modified":"2023-07-26T11:21:03","modified_gmt":"2023-07-26T14:21:03","slug":"me-formei-em-direito-e-agora","status":"publish","type":"post","link":"https:\/\/cbsadvogados.com.br\/es\/2023\/07\/12\/me-formei-em-direito-e-agora\/","title":{"rendered":"Me formei em Direito, e agora?!"},"content":{"rendered":"<p>Por: <strong><a href=\"https:\/\/cbsadvogados.com.br\/es\/profissionais\/rui-caminha\/\">Rui Caminha<\/a><\/strong><\/p>\n\n\n\n<p>Prepare-se para uma grande jornada. Voc\u00ea est\u00e1 se graduando ou \u00e9 rec\u00e9m-formado em um dos cursos de conhecimento mais antigo e tradicional da humanidade. Milhares de anos, c\u00f3digos, leis e juristas vieram antes, pavimentando o caminho dessa profiss\u00e3o t\u00e3o essencial \u00e0 sociedade. Agora, chegou o momento de voc\u00ea contribuir com as suas pr\u00f3prias realiza\u00e7\u00f5es e criar algo novo, deixando a sua marca nessa hist\u00f3ria milenar.<\/p>\n\n\n\n<p>Voc\u00ea pode se perguntar como inovar em uma profiss\u00e3o t\u00e3o antiga e consolidada, na qual tudo parece ter sido dito, escrito e discutido in\u00fameras vezes. Talvez voc\u00ea tenha sido ensinado que o Direito \u00e9 uma \u00e1rea lenta e que requer ades\u00e3o estrita a f\u00f3rmulas protegidas.<\/p>\n\n\n\n<p>Por\u00e9m, acredito que o verdadeiro conhecimento jur\u00eddico \u00e9 din\u00e2mico, conectado com a realidade, interdisciplinar, pr\u00e1tico, emp\u00e1tico e capaz de melhorar a vida das pessoas. Embora a sociedade esteja repleta de leis e regras, muitas vezes elas n\u00e3o s\u00e3o acess\u00edveis ao p\u00fablico em geral, tornando o processo legal herm\u00e9tico e exclusivo apenas aos especialistas. Mas isso pode ser transformado.<\/p>\n\n\n\n<p>Existe a possibilidade de que um sistema complexo seja criado para beneficiar somente os iniciados, mas acredito que a era atual demanda abordagens mais acess\u00edveis, f\u00e1ceis e inclusivas. O mundo est\u00e1 mudando, e a sociedade valoriza cada vez mais solu\u00e7\u00f5es legais que sejam compreens\u00edveis, amig\u00e1veis \u200b\u200be eficientes.<\/p>\n\n\n\n<p>N\u00e3o se preocupe com as reservas de mercado na profiss\u00e3o jur\u00eddica, pois existem milh\u00f5es de profissionais existiram e novos talentos surgindo constantemente. O foco deve ser identificar os caminhos mais promissores e encontrar seu pr\u00f3prio \u201coceano azul\u201d dentro do mercado altamente competitivo.<\/p>\n\n\n\n<p>Aqui est\u00e3o algumas iniciativas para come\u00e7ar uma carreira jur\u00eddica transformadora:<\/p>\n\n\n\n<ol type=\"1\" start=\"1\">\n<li>Busque conhecimento em inova\u00e7\u00e3o jur\u00eddica: Pesquisa sobre Legaltechs, Lawtechs, jurimetria, Legal Design, Visual Law, automa\u00e7\u00e3o de contratos, ci\u00eancia de dados jur\u00eddicos e business intelligence jur\u00eddico. Fique atualizado sobre as novidades do mercado.<\/li>\n<\/ol>\n\n\n\n<ol type=\"1\" start=\"2\">\n<li>Relacione-se com seus interesses pessoais: Identifique os campos que mais lhe interessam e direcione suas habilidades para essas \u00e1reas. Escolha com cuidado e foco no desenvolvimento de compet\u00eancias espec\u00edficas.<\/li>\n<\/ol>\n\n\n\n<ol type=\"1\" start=\"3\">\n<li>Especialize-se: Aprofunde seus conhecimentos em um tema espec\u00edfico, buscando se tornar um especialista em sua \u00e1rea de interesse.<\/li>\n<\/ol>\n\n\n\n<ol type=\"1\" start=\"4\">\n<li>Conecte-se: Crie uma rede de contatos com profissionais que atendam seus interesses e objetivos. Fa\u00e7a parte de comunidades e grupos que discutem temas relacionados \u00e0 inova\u00e7\u00e3o jur\u00eddica.<\/li>\n<\/ol>\n\n\n\n<ol type=\"1\" start=\"5\">\n<li>Ganhe experi\u00eancia: Coloque em pr\u00e1tica os novos conhecimentos adquiridos, aplicando-os em casos reais e melhorando os resultados.<\/li>\n<\/ol>\n\n\n\n<ol type=\"1\" start=\"6\">\n<li>Compartilhe conhecimento: Demonstre seus resultados e compartilhe suas experi\u00eancias com colegas, clientes e superiores. Isso ajuda a construir sua autoridade na \u00e1rea.<\/li>\n<\/ol>\n\n\n\n<ol type=\"1\" start=\"7\">\n<li>Continuando aprimorando-se: Mantenha-se em constante aprendizado, buscando conhecimentos em outras \u00e1reas que possam agregar valor \u00e0 sua pr\u00e1tica jur\u00eddica.<\/li>\n<\/ol>\n\n\n\n<p>Inovar no Direito \u00e9 um desafio empolgante e necess\u00e1rio. Acredite em si mesmo, mantenha um esp\u00edrito inovador e esteja disposto a enfrentar os obst\u00e1culos com experi\u00eancia. Bem-vindo ao universo jur\u00eddico transformador, onde voc\u00ea pode criar um impacto positivo e duradouro na sociedade.<\/p>","protected":false},"excerpt":{"rendered":"<p>Por: Rui Caminha Prepare-se para uma grande jornada. Voc\u00ea est\u00e1 se graduando ou \u00e9 rec\u00e9m-formado em um dos cursos de conhecimento mais antigo e tradicional da humanidade. Milhares de anos, c\u00f3digos, leis e juristas vieram antes, pavimentando o caminho dessa profiss\u00e3o t\u00e3o essencial \u00e0 sociedade. Agora, chegou o momento de voc\u00ea contribuir com as suas [&hellip;]<\/p>","protected":false},"author":2,"featured_media":1754,"comment_status":"open","ping_status":"open","sticky":false,"template":"","format":"standard","meta":[],"categories":[9],"tags":[],"yoast_head":"<!-- This site is optimized with the Yoast SEO plugin v20.11 - https:\/\/yoast.com\/wordpress\/plugins\/seo\/ -->\n<title>Me formei em Direito, e agora?! - Caminha Barbosa &amp; Siphone Advogados<\/title>\n<meta name=\"robots\" content=\"index, follow, max-snippet:-1, max-image-preview:large, max-video-preview:-1\" \/>\n<link rel=\"canonical\" href=\"https:\/\/cbsadvogados.com.br\/es\/2023\/07\/12\/me-formei-em-direito-e-agora\/\" \/>\n<meta property=\"og:locale\" content=\"es_ES\" \/>\n<meta property=\"og:type\" content=\"article\" \/>\n<meta property=\"og:title\" content=\"Me formei em Direito, e agora?! - Caminha Barbosa &amp; Siphone Advogados\" \/>\n<meta property=\"og:description\" content=\"Por: Rui Caminha Prepare-se para uma grande jornada. Voc\u00ea est\u00e1 se graduando ou \u00e9 rec\u00e9m-formado em um dos cursos de conhecimento mais antigo e tradicional da humanidade. Milhares de anos, c\u00f3digos, leis e juristas vieram antes, pavimentando o caminho dessa profiss\u00e3o t\u00e3o essencial \u00e0 sociedade. Agora, chegou o momento de voc\u00ea contribuir com as suas [&hellip;]\" \/>\n<meta property=\"og:url\" content=\"https:\/\/cbsadvogados.com.br\/es\/2023\/07\/12\/me-formei-em-direito-e-agora\/\" \/>\n<meta property=\"og:site_name\" content=\"Caminha Barbosa &amp; Siphone Advogados\" \/>\n<meta property=\"article:published_time\" content=\"2023-07-12T22:09:04+00:00\" \/>\n<meta property=\"article:modified_time\" content=\"2023-07-26T14:21:03+00:00\" \/>\n<meta property=\"og:image\" content=\"https:\/\/cbsadvogados.com.br\/wp-content\/uploads\/2023\/07\/CBS-News-blog-01.png\" \/>\n\t<meta property=\"og:image:width\" content=\"1240\" \/>\n\t<meta property=\"og:image:height\" content=\"1748\" \/>\n\t<meta property=\"og:image:type\" content=\"image\/png\" \/>\n<meta name=\"author\" content=\"Atendimento CBS\" \/>\n<meta name=\"twitter:card\" content=\"summary_large_image\" \/>\n<meta name=\"twitter:label1\" content=\"Escrito por\" \/>\n\t<meta name=\"twitter:data1\" content=\"Atendimento CBS\" \/>\n\t<meta name=\"twitter:label2\" content=\"Tiempo de lectura\" \/>\n\t<meta name=\"twitter:data2\" content=\"3 minutos\" \/>\n<script type=\"application\/ld+json\" class=\"yoast-schema-graph\">{\"@context\":\"https:\/\/schema.org\",\"@graph\":[{\"@type\":\"Article\",\"@id\":\"https:\/\/cbsadvogados.com.br\/2023\/07\/12\/me-formei-em-direito-e-agora\/#article\",\"isPartOf\":{\"@id\":\"https:\/\/cbsadvogados.com.br\/2023\/07\/12\/me-formei-em-direito-e-agora\/\"},\"author\":{\"name\":\"Atendimento CBS\",\"@id\":\"https:\/\/cbsadvogados.com.br\/#\/schema\/person\/f5cb1dd00f038a7e9cdde9ce901a85b5\"},\"headline\":\"Me formei em Direito, e agora?!\",\"datePublished\":\"2023-07-12T22:09:04+00:00\",\"dateModified\":\"2023-07-26T14:21:03+00:00\",\"mainEntityOfPage\":{\"@id\":\"https:\/\/cbsadvogados.com.br\/2023\/07\/12\/me-formei-em-direito-e-agora\/\"},\"wordCount\":532,\"commentCount\":0,\"publisher\":{\"@id\":\"https:\/\/cbsadvogados.com.br\/#organization\"},\"articleSection\":[\"DHub\"],\"inLanguage\":\"es\",\"potentialAction\":[{\"@type\":\"CommentAction\",\"name\":\"Comment\",\"target\":[\"https:\/\/cbsadvogados.com.br\/2023\/07\/12\/me-formei-em-direito-e-agora\/#respond\"]}]},{\"@type\":\"WebPage\",\"@id\":\"https:\/\/cbsadvogados.com.br\/2023\/07\/12\/me-formei-em-direito-e-agora\/\",\"url\":\"https:\/\/cbsadvogados.com.br\/2023\/07\/12\/me-formei-em-direito-e-agora\/\",\"name\":\"Me formei em Direito, e agora?! - Caminha Barbosa &amp; Siphone Advogados\",\"isPartOf\":{\"@id\":\"https:\/\/cbsadvogados.com.br\/#website\"},\"datePublished\":\"2023-07-12T22:09:04+00:00\",\"dateModified\":\"2023-07-26T14:21:03+00:00\",\"breadcrumb\":{\"@id\":\"https:\/\/cbsadvogados.com.br\/2023\/07\/12\/me-formei-em-direito-e-agora\/#breadcrumb\"},\"inLanguage\":\"es\",\"potentialAction\":[{\"@type\":\"ReadAction\",\"target\":[\"https:\/\/cbsadvogados.com.br\/2023\/07\/12\/me-formei-em-direito-e-agora\/\"]}]},{\"@type\":\"BreadcrumbList\",\"@id\":\"https:\/\/cbsadvogados.com.br\/2023\/07\/12\/me-formei-em-direito-e-agora\/#breadcrumb\",\"itemListElement\":[{\"@type\":\"ListItem\",\"position\":1,\"name\":\"In\u00edcio\",\"item\":\"https:\/\/cbsadvogados.com.br\/\"},{\"@type\":\"ListItem\",\"position\":2,\"name\":\"Me formei em Direito, e agora?!\"}]},{\"@type\":\"WebSite\",\"@id\":\"https:\/\/cbsadvogados.com.br\/#website\",\"url\":\"https:\/\/cbsadvogados.com.br\/\",\"name\":\"Caminha Barbosa &amp; Siphone Advogados\",\"description\":\"\",\"publisher\":{\"@id\":\"https:\/\/cbsadvogados.com.br\/#organization\"},\"potentialAction\":[{\"@type\":\"SearchAction\",\"target\":{\"@type\":\"EntryPoint\",\"urlTemplate\":\"https:\/\/cbsadvogados.com.br\/?s={search_term_string}\"},\"query-input\":\"required name=search_term_string\"}],\"inLanguage\":\"es\"},{\"@type\":\"Organization\",\"@id\":\"https:\/\/cbsadvogados.com.br\/#organization\",\"name\":\"Caminha Barbosa &amp; Siphone Advogados\",\"url\":\"https:\/\/cbsadvogados.com.br\/\",\"logo\":{\"@type\":\"ImageObject\",\"inLanguage\":\"es\",\"@id\":\"https:\/\/cbsadvogados.com.br\/#\/schema\/logo\/image\/\",\"url\":\"https:\/\/cbsadvogados.com.br\/wp-content\/uploads\/2023\/05\/Artigo-08-1.png\",\"contentUrl\":\"https:\/\/cbsadvogados.com.br\/wp-content\/uploads\/2023\/05\/Artigo-08-1.png\",\"width\":1290,\"height\":289,\"caption\":\"Caminha Barbosa &amp; Siphone Advogados\"},\"image\":{\"@id\":\"https:\/\/cbsadvogados.com.br\/#\/schema\/logo\/image\/\"}},{\"@type\":\"Person\",\"@id\":\"https:\/\/cbsadvogados.com.br\/#\/schema\/person\/f5cb1dd00f038a7e9cdde9ce901a85b5\",\"name\":\"Atendimento CBS\",\"image\":{\"@type\":\"ImageObject\",\"inLanguage\":\"es\",\"@id\":\"https:\/\/cbsadvogados.com.br\/#\/schema\/person\/image\/\",\"url\":\"https:\/\/secure.gravatar.com\/avatar\/0f9a4dc6576e3b7a21f6f3aeb9421071?s=96&d=mm&r=g\",\"contentUrl\":\"https:\/\/secure.gravatar.com\/avatar\/0f9a4dc6576e3b7a21f6f3aeb9421071?s=96&d=mm&r=g\",\"caption\":\"Atendimento CBS\"},\"url\":\"https:\/\/cbsadvogados.com.br\/es\/author\/atendimento-cbscbsadvogados-com-br\/\"}]}<\/script>\n<!-- \/ Yoast SEO plugin. -->","yoast_head_json":{"title":"Me formei em Direito, e agora?! - Caminha Barbosa &amp; Siphone Advogados","robots":{"index":"index","follow":"follow","max-snippet":"max-snippet:-1","max-image-preview":"max-image-preview:large","max-video-preview":"max-video-preview:-1"},"canonical":"https:\/\/cbsadvogados.com.br\/es\/2023\/07\/12\/me-formei-em-direito-e-agora\/","og_locale":"es_ES","og_type":"article","og_title":"Me formei em Direito, e agora?! - Caminha Barbosa &amp; Siphone Advogados","og_description":"Por: Rui Caminha Prepare-se para uma grande jornada. Voc\u00ea est\u00e1 se graduando ou \u00e9 rec\u00e9m-formado em um dos cursos de conhecimento mais antigo e tradicional da humanidade. Milhares de anos, c\u00f3digos, leis e juristas vieram antes, pavimentando o caminho dessa profiss\u00e3o t\u00e3o essencial \u00e0 sociedade. Agora, chegou o momento de voc\u00ea contribuir com as suas [&hellip;]","og_url":"https:\/\/cbsadvogados.com.br\/es\/2023\/07\/12\/me-formei-em-direito-e-agora\/","og_site_name":"Caminha Barbosa &amp; Siphone Advogados","article_published_time":"2023-07-12T22:09:04+00:00","article_modified_time":"2023-07-26T14:21:03+00:00","og_image":[{"width":1240,"height":1748,"url":"https:\/\/cbsadvogados.com.br\/wp-content\/uploads\/2023\/07\/CBS-News-blog-01.png","type":"image\/png"}],"author":"Atendimento CBS","twitter_card":"summary_large_image","twitter_misc":{"Escrito por":"Atendimento CBS","Tiempo de lectura":"3 minutos"},"schema":{"@context":"https:\/\/schema.org","@graph":[{"@type":"Article","@id":"https:\/\/cbsadvogados.com.br\/2023\/07\/12\/me-formei-em-direito-e-agora\/#article","isPartOf":{"@id":"https:\/\/cbsadvogados.com.br\/2023\/07\/12\/me-formei-em-direito-e-agora\/"},"author":{"name":"Atendimento CBS","@id":"https:\/\/cbsadvogados.com.br\/#\/schema\/person\/f5cb1dd00f038a7e9cdde9ce901a85b5"},"headline":"Me formei em Direito, e agora?!","datePublished":"2023-07-12T22:09:04+00:00","dateModified":"2023-07-26T14:21:03+00:00","mainEntityOfPage":{"@id":"https:\/\/cbsadvogados.com.br\/2023\/07\/12\/me-formei-em-direito-e-agora\/"},"wordCount":532,"commentCount":0,"publisher":{"@id":"https:\/\/cbsadvogados.com.br\/#organization"},"articleSection":["DHub"],"inLanguage":"es","potentialAction":[{"@type":"CommentAction","name":"Comment","target":["https:\/\/cbsadvogados.com.br\/2023\/07\/12\/me-formei-em-direito-e-agora\/#respond"]}]},{"@type":"WebPage","@id":"https:\/\/cbsadvogados.com.br\/2023\/07\/12\/me-formei-em-direito-e-agora\/","url":"https:\/\/cbsadvogados.com.br\/2023\/07\/12\/me-formei-em-direito-e-agora\/","name":"Me formei em Direito, e agora?! - Caminha Barbosa &amp; Siphone Advogados","isPartOf":{"@id":"https:\/\/cbsadvogados.com.br\/#website"},"datePublished":"2023-07-12T22:09:04+00:00","dateModified":"2023-07-26T14:21:03+00:00","breadcrumb":{"@id":"https:\/\/cbsadvogados.com.br\/2023\/07\/12\/me-formei-em-direito-e-agora\/#breadcrumb"},"inLanguage":"es","potentialAction":[{"@type":"ReadAction","target":["https:\/\/cbsadvogados.com.br\/2023\/07\/12\/me-formei-em-direito-e-agora\/"]}]},{"@type":"BreadcrumbList","@id":"https:\/\/cbsadvogados.com.br\/2023\/07\/12\/me-formei-em-direito-e-agora\/#breadcrumb","itemListElement":[{"@type":"ListItem","position":1,"name":"In\u00edcio","item":"https:\/\/cbsadvogados.com.br\/"},{"@type":"ListItem","position":2,"name":"Me formei em Direito, e agora?!"}]},{"@type":"WebSite","@id":"https:\/\/cbsadvogados.com.br\/#website","url":"https:\/\/cbsadvogados.com.br\/","name":"Caminha Barbosa &amp; Siphone Advogados","description":"","publisher":{"@id":"https:\/\/cbsadvogados.com.br\/#organization"},"potentialAction":[{"@type":"SearchAction","target":{"@type":"EntryPoint","urlTemplate":"https:\/\/cbsadvogados.com.br\/?s={search_term_string}"},"query-input":"required name=search_term_string"}],"inLanguage":"es"},{"@type":"Organization","@id":"https:\/\/cbsadvogados.com.br\/#organization","name":"Caminha Barbosa &amp; Siphone Advogados","url":"https:\/\/cbsadvogados.com.br\/","logo":{"@type":"ImageObject","inLanguage":"es","@id":"https:\/\/cbsadvogados.com.br\/#\/schema\/logo\/image\/","url":"https:\/\/cbsadvogados.com.br\/wp-content\/uploads\/2023\/05\/Artigo-08-1.png","contentUrl":"https:\/\/cbsadvogados.com.br\/wp-content\/uploads\/2023\/05\/Artigo-08-1.png","width":1290,"height":289,"caption":"Caminha Barbosa &amp; Siphone Advogados"},"image":{"@id":"https:\/\/cbsadvogados.com.br\/#\/schema\/logo\/image\/"}},{"@type":"Person","@id":"https:\/\/cbsadvogados.com.br\/#\/schema\/person\/f5cb1dd00f038a7e9cdde9ce901a85b5","name":"Atendimento CBS","image":{"@type":"ImageObject","inLanguage":"es","@id":"https:\/\/cbsadvogados.com.br\/#\/schema\/person\/image\/","url":"https:\/\/secure.gravatar.com\/avatar\/0f9a4dc6576e3b7a21f6f3aeb9421071?s=96&d=mm&r=g","contentUrl":"https:\/\/secure.gravatar.com\/avatar\/0f9a4dc6576e3b7a21f6f3aeb9421071?s=96&d=mm&r=g","caption":"Atendimento CBS"},"url":"https:\/\/cbsadvogados.com.br\/es\/author\/atendimento-cbscbsadvogados-com-br\/"}]}},"_links":{"self":[{"href":"https:\/\/cbsadvogados.com.br\/es\/wp-json\/wp\/v2\/posts\/1374"}],"collection":[{"href":"https:\/\/cbsadvogados.com.br\/es\/wp-json\/wp\/v2\/posts"}],"about":[{"href":"https:\/\/cbsadvogados.com.br\/es\/wp-json\/wp\/v2\/types\/post"}],"author":[{"embeddable":true,"href":"https:\/\/cbsadvogados.com.br\/es\/wp-json\/wp\/v2\/users\/2"}],"replies":[{"embeddable":true,"href":"https:\/\/cbsadvogados.com.br\/es\/wp-json\/wp\/v2\/comments?post=1374"}],"version-history":[{"count":3,"href":"https:\/\/cbsadvogados.com.br\/es\/wp-json\/wp\/v2\/posts\/1374\/revisions"}],"predecessor-version":[{"id":1749,"href":"https:\/\/cbsadvogados.com.br\/es\/wp-json\/wp\/v2\/posts\/1374\/revisions\/1749"}],"wp:featuredmedia":[{"embeddable":true,"href":"https:\/\/cbsadvogados.com.br\/es\/wp-json\/wp\/v2\/media\/1754"}],"wp:attachment":[{"href":"https:\/\/cbsadvogados.com.br\/es\/wp-json\/wp\/v2\/media?parent=1374"}],"wp:term":[{"taxonomy":"category","embeddable":true,"href":"https:\/\/cbsadvogados.com.br\/es\/wp-json\/wp\/v2\/categories?post=1374"},{"taxonomy":"post_tag","embeddable":true,"href":"https:\/\/cbsadvogados.com.br\/es\/wp-json\/wp\/v2\/tags?post=1374"}],"curies":[{"name":"wp","href":"https:\/\/api.w.org\/{rel}","templated":true}]}}