{"id":1977,"date":"2025-03-20T11:51:50","date_gmt":"2025-03-20T14:51:50","guid":{"rendered":"https:\/\/cbsadvogados.com.br\/?p=1977"},"modified":"2025-03-20T11:51:50","modified_gmt":"2025-03-20T14:51:50","slug":"alteracoes-na-nr1-novas-obrigacoes-para-empregadores-apartir-de-maio","status":"publish","type":"post","link":"https:\/\/cbsadvogados.com.br\/en\/2025\/03\/20\/alteracoes-na-nr1-novas-obrigacoes-para-empregadores-apartir-de-maio\/","title":{"rendered":"ALTERA\u00c7\u00d5ES NA NR1 \u2013 NOVAS OBRIGA\u00c7\u00d5ES PARA EMPREGADORES APARTIR DE MAIO."},"content":{"rendered":"<p><em>Por: Alexandre Belmonte Siphone [1]<\/em><\/p>\n\n\n\n<p class=\"has-small-font-size\"><em>[1] Advogado e Economista, MBA em Gest\u00e3o Empresarial, P\u00f3s-graduado em Direito do Trabalho pela USP e Doutor em Direito do Trabalho pela UNC \u2013 Universidad Nacional de C\u00f3rdoba, Mais de 25 anos de experi\u00eancia entre gest\u00e3o de RH e contencioso\/preventivo trabalhista, Professor em renomadas institui\u00e7\u00f5es e professor convidado nos cursos de P\u00f3s\/MBA do INPG<\/em><\/p>\n\n\n\n<p>A partir de maio deste ano, passam a vigorar as altera\u00e7\u00f5es da Norma Regulamentadora n\u00ba 1<br>(NR1), que estabelecem novas diretrizes para a gest\u00e3o de riscos ocupacionais e para a<br>capacita\u00e7\u00e3o dos trabalhadores em seguran\u00e7a e sa\u00fade no trabalho. Essas mudan\u00e7as impactam<br>diretamente todas as empresas, independentemente do porte ou setor de atua\u00e7\u00e3o, demandando<br>uma revis\u00e3o dos processos internos para garantir a conformidade com a legisla\u00e7\u00e3o.<\/p>\n\n\n\n<h2 class=\"wp-block-heading\">Principais Altera\u00e7\u00f5es e Impactos<\/h2>\n\n\n\n<p>Implementa\u00e7\u00e3o do Gerenciamento de Riscos Ocupacionais (GRO)<br>A nova NR1 refor\u00e7a a obrigatoriedade da implementa\u00e7\u00e3o do Gerenciamento de Riscos<br>Ocupacionais (GRO), um sistema estruturado para a identifica\u00e7\u00e3o, avalia\u00e7\u00e3o e controle de<br>riscos no ambiente de trabalho. O GRO exige que as empresas adotem medidas eficazes para<br>eliminar ou reduzir a exposi\u00e7\u00e3o dos trabalhadores a agentes nocivos, al\u00e9m de documentar e<br>revisar periodicamente essas a\u00e7\u00f5es.<\/p>\n\n\n\n<h2 class=\"wp-block-heading\">Programa de Gerenciamento de Riscos (PGR) \u2013 Substitui\u00e7\u00e3o do PPRA<\/h2>\n\n\n\n<p>Uma das mudan\u00e7as mais relevantes \u00e9 a substitui\u00e7\u00e3o do Programa de Preven\u00e7\u00e3o de Riscos<br>Ambientais (PPRA) pelo Programa de Gerenciamento de Riscos (PGR), que agora se aplica a<br>todos os riscos ocupacionais, n\u00e3o apenas aos riscos ambientais. O PGR deve contemplar:<br>\u2714Invent\u00e1rio de riscos, com identifica\u00e7\u00e3o detalhada dos perigos e avalia\u00e7\u00e3o dos riscos;<br>\u2714Plano de a\u00e7\u00e3o, especificando medidas preventivas e corretivas;<br>\u2714 Monitoramento cont\u00ednuo, com revis\u00e3o peri\u00f3dica e adequa\u00e7\u00e3o das medidas adotadas.<\/p>\n\n\n\n<h2 class=\"wp-block-heading\">Treinamentos e Capacita\u00e7\u00f5es \u2013 Novas Diretrizes<\/h2>\n\n\n\n<p>A nova NR1 tamb\u00e9m traz mudan\u00e7as significativas nos crit\u00e9rios de treinamento para seguran\u00e7a<br>do trabalho. Agora, os treinamentos podem ser realizados de forma presencial, remota ou<br>h\u00edbrida, desde que respeitem os requisitos t\u00e9cnicos estabelecidos pela norma. Al\u00e9m disso, a<br>empresa deve assegurar que os trabalhadores compreendam os conte\u00fados ministrados e que<br>haja registro adequado da capacita\u00e7\u00e3o.<\/p>\n\n\n\n<h2 class=\"wp-block-heading\">Registro e Rastreabilidade das A\u00e7\u00f5es<\/h2>\n\n\n\n<p>Outra exig\u00eancia crucial da nova NR1 \u00e9 a necessidade de documenta\u00e7\u00e3o e rastreabilidade das<br>a\u00e7\u00f5es implementadas no \u00e2mbito do PGR. As empresas dever\u00e3o manter registros detalhados das<br>avalia\u00e7\u00f5es de risco, medidas adotadas e capacita\u00e7\u00f5es realizadas, permitindo que sejam<br>apresentadas em eventuais fiscaliza\u00e7\u00f5es do Minist\u00e9rio do Trabalho e Previd\u00eancia.<\/p>\n\n\n\n<h2 class=\"wp-block-heading\">Consequ\u00eancias do N\u00e3o Cumprimento<\/h2>\n\n\n\n<p>A inobserv\u00e2ncia das novas exig\u00eancias da NR1 pode resultar em multas, interdi\u00e7\u00f5es e<br>responsabiliza\u00e7\u00e3o legal, especialmente em casos de acidentes de trabalho. Al\u00e9m disso, empresas<br>que n\u00e3o se adequarem podem enfrentar dificuldades em auditorias trabalhistas e a\u00e7\u00f5es judiciais<br>relacionadas a doen\u00e7as ocupacionais ou seguran\u00e7a do trabalho.<\/p>\n\n\n\n<h2 class=\"wp-block-heading\">Como Garantir a Conformidade?<\/h2>\n\n\n\n<p>O cumprimento da nova NR1 exige uma abordagem estrat\u00e9gica e multidisciplinar, integrando<br>departamentos de RH, seguran\u00e7a do trabalho e jur\u00eddico. Para isso, nosso escrit\u00f3rio est\u00e1 \u00e0<br>disposi\u00e7\u00e3o para auxiliar sua empresa no processo de adequa\u00e7\u00e3o, incluindo:<br>&#8211; Diagn\u00f3stico de conformidade e an\u00e1lise dos riscos ocupacionais;<br>&#8211; Estrutura\u00e7\u00e3o e implementa\u00e7\u00e3o do PGR;<br>&#8211; Assessoria na realiza\u00e7\u00e3o e registro de treinamentos obrigat\u00f3rios;<br>&#8211; Suporte jur\u00eddico preventivo para evitar passivos trabalhistas.<br><\/p>\n\n\n\n<p>Diante da proximidade do prazo para adequa\u00e7\u00e3o, recomendamos que as empresas iniciem<br>imediatamente a implementa\u00e7\u00e3o das novas exig\u00eancias para evitar riscos operacionais e<br>jur\u00eddicos. Estamos \u00e0 disposi\u00e7\u00e3o para uma reuni\u00e3o e para auxiliar sua equipe nesse processo.<\/p>","protected":false},"excerpt":{"rendered":"<p>Por: Alexandre Belmonte Siphone [1] [1] Advogado e Economista, MBA em Gest\u00e3o Empresarial, P\u00f3s-graduado em Direito do Trabalho pela USP e Doutor em Direito do Trabalho pela UNC \u2013 Universidad Nacional de C\u00f3rdoba, Mais de 25 anos de experi\u00eancia entre gest\u00e3o de RH e contencioso\/preventivo trabalhista, Professor em renomadas institui\u00e7\u00f5es e professor convidado nos cursos [&hellip;]<\/p>","protected":false},"author":2,"featured_media":0,"comment_status":"open","ping_status":"open","sticky":false,"template":"","format":"standard","meta":[],"categories":[41],"tags":[],"yoast_head":"<!-- This site is optimized with the Yoast SEO plugin v20.11 - https:\/\/yoast.com\/wordpress\/plugins\/seo\/ -->\n<title>ALTERA\u00c7\u00d5ES NA NR1 \u2013 NOVAS OBRIGA\u00c7\u00d5ES PARA EMPREGADORES APARTIR DE MAIO. - Caminha Barbosa &amp; Siphone Advogados<\/title>\n<meta name=\"robots\" content=\"index, follow, max-snippet:-1, max-image-preview:large, max-video-preview:-1\" \/>\n<link rel=\"canonical\" href=\"https:\/\/cbsadvogados.com.br\/en\/2025\/03\/20\/alteracoes-na-nr1-novas-obrigacoes-para-empregadores-apartir-de-maio\/\" \/>\n<meta property=\"og:locale\" content=\"en_US\" \/>\n<meta property=\"og:type\" content=\"article\" \/>\n<meta property=\"og:title\" content=\"ALTERA\u00c7\u00d5ES NA NR1 \u2013 NOVAS OBRIGA\u00c7\u00d5ES PARA EMPREGADORES APARTIR DE MAIO. - Caminha Barbosa &amp; Siphone Advogados\" \/>\n<meta property=\"og:description\" content=\"Por: Alexandre Belmonte Siphone [1] [1] Advogado e Economista, MBA em Gest\u00e3o Empresarial, P\u00f3s-graduado em Direito do Trabalho pela USP e Doutor em Direito do Trabalho pela UNC \u2013 Universidad Nacional de C\u00f3rdoba, Mais de 25 anos de experi\u00eancia entre gest\u00e3o de RH e contencioso\/preventivo trabalhista, Professor em renomadas institui\u00e7\u00f5es e professor convidado nos cursos [&hellip;]\" \/>\n<meta property=\"og:url\" content=\"https:\/\/cbsadvogados.com.br\/en\/2025\/03\/20\/alteracoes-na-nr1-novas-obrigacoes-para-empregadores-apartir-de-maio\/\" \/>\n<meta property=\"og:site_name\" content=\"Caminha Barbosa &amp; Siphone Advogados\" \/>\n<meta property=\"article:published_time\" content=\"2025-03-20T14:51:50+00:00\" \/>\n<meta name=\"author\" content=\"Atendimento CBS\" \/>\n<meta name=\"twitter:card\" content=\"summary_large_image\" \/>\n<meta name=\"twitter:label1\" content=\"Written by\" \/>\n\t<meta name=\"twitter:data1\" content=\"Atendimento CBS\" \/>\n\t<meta name=\"twitter:label2\" content=\"Est. reading time\" \/>\n\t<meta name=\"twitter:data2\" content=\"3 minutes\" \/>\n<script type=\"application\/ld+json\" class=\"yoast-schema-graph\">{\"@context\":\"https:\/\/schema.org\",\"@graph\":[{\"@type\":\"Article\",\"@id\":\"https:\/\/cbsadvogados.com.br\/2025\/03\/20\/alteracoes-na-nr1-novas-obrigacoes-para-empregadores-apartir-de-maio\/#article\",\"isPartOf\":{\"@id\":\"https:\/\/cbsadvogados.com.br\/2025\/03\/20\/alteracoes-na-nr1-novas-obrigacoes-para-empregadores-apartir-de-maio\/\"},\"author\":{\"name\":\"Atendimento CBS\",\"@id\":\"https:\/\/cbsadvogados.com.br\/#\/schema\/person\/f5cb1dd00f038a7e9cdde9ce901a85b5\"},\"headline\":\"ALTERA\u00c7\u00d5ES NA NR1 \u2013 NOVAS OBRIGA\u00c7\u00d5ES PARA EMPREGADORES APARTIR DE MAIO.\",\"datePublished\":\"2025-03-20T14:51:50+00:00\",\"dateModified\":\"2025-03-20T14:51:50+00:00\",\"mainEntityOfPage\":{\"@id\":\"https:\/\/cbsadvogados.com.br\/2025\/03\/20\/alteracoes-na-nr1-novas-obrigacoes-para-empregadores-apartir-de-maio\/\"},\"wordCount\":617,\"commentCount\":0,\"publisher\":{\"@id\":\"https:\/\/cbsadvogados.com.br\/#organization\"},\"articleSection\":[\"Conte\u00fados\"],\"inLanguage\":\"en-US\",\"potentialAction\":[{\"@type\":\"CommentAction\",\"name\":\"Comment\",\"target\":[\"https:\/\/cbsadvogados.com.br\/2025\/03\/20\/alteracoes-na-nr1-novas-obrigacoes-para-empregadores-apartir-de-maio\/#respond\"]}]},{\"@type\":\"WebPage\",\"@id\":\"https:\/\/cbsadvogados.com.br\/2025\/03\/20\/alteracoes-na-nr1-novas-obrigacoes-para-empregadores-apartir-de-maio\/\",\"url\":\"https:\/\/cbsadvogados.com.br\/2025\/03\/20\/alteracoes-na-nr1-novas-obrigacoes-para-empregadores-apartir-de-maio\/\",\"name\":\"ALTERA\u00c7\u00d5ES NA NR1 \u2013 NOVAS OBRIGA\u00c7\u00d5ES PARA EMPREGADORES APARTIR DE MAIO. - Caminha Barbosa &amp; Siphone Advogados\",\"isPartOf\":{\"@id\":\"https:\/\/cbsadvogados.com.br\/#website\"},\"datePublished\":\"2025-03-20T14:51:50+00:00\",\"dateModified\":\"2025-03-20T14:51:50+00:00\",\"breadcrumb\":{\"@id\":\"https:\/\/cbsadvogados.com.br\/2025\/03\/20\/alteracoes-na-nr1-novas-obrigacoes-para-empregadores-apartir-de-maio\/#breadcrumb\"},\"inLanguage\":\"en-US\",\"potentialAction\":[{\"@type\":\"ReadAction\",\"target\":[\"https:\/\/cbsadvogados.com.br\/2025\/03\/20\/alteracoes-na-nr1-novas-obrigacoes-para-empregadores-apartir-de-maio\/\"]}]},{\"@type\":\"BreadcrumbList\",\"@id\":\"https:\/\/cbsadvogados.com.br\/2025\/03\/20\/alteracoes-na-nr1-novas-obrigacoes-para-empregadores-apartir-de-maio\/#breadcrumb\",\"itemListElement\":[{\"@type\":\"ListItem\",\"position\":1,\"name\":\"In\u00edcio\",\"item\":\"https:\/\/cbsadvogados.com.br\/\"},{\"@type\":\"ListItem\",\"position\":2,\"name\":\"ALTERA\u00c7\u00d5ES NA NR1 \u2013 NOVAS OBRIGA\u00c7\u00d5ES PARA EMPREGADORES APARTIR DE MAIO.\"}]},{\"@type\":\"WebSite\",\"@id\":\"https:\/\/cbsadvogados.com.br\/#website\",\"url\":\"https:\/\/cbsadvogados.com.br\/\",\"name\":\"Caminha Barbosa &amp; Siphone Advogados\",\"description\":\"\",\"publisher\":{\"@id\":\"https:\/\/cbsadvogados.com.br\/#organization\"},\"potentialAction\":[{\"@type\":\"SearchAction\",\"target\":{\"@type\":\"EntryPoint\",\"urlTemplate\":\"https:\/\/cbsadvogados.com.br\/?s={search_term_string}\"},\"query-input\":\"required name=search_term_string\"}],\"inLanguage\":\"en-US\"},{\"@type\":\"Organization\",\"@id\":\"https:\/\/cbsadvogados.com.br\/#organization\",\"name\":\"Caminha Barbosa &amp; Siphone Advogados\",\"url\":\"https:\/\/cbsadvogados.com.br\/\",\"logo\":{\"@type\":\"ImageObject\",\"inLanguage\":\"en-US\",\"@id\":\"https:\/\/cbsadvogados.com.br\/#\/schema\/logo\/image\/\",\"url\":\"https:\/\/cbsadvogados.com.br\/wp-content\/uploads\/2023\/05\/Artigo-08-1.png\",\"contentUrl\":\"https:\/\/cbsadvogados.com.br\/wp-content\/uploads\/2023\/05\/Artigo-08-1.png\",\"width\":1290,\"height\":289,\"caption\":\"Caminha Barbosa &amp; Siphone Advogados\"},\"image\":{\"@id\":\"https:\/\/cbsadvogados.com.br\/#\/schema\/logo\/image\/\"}},{\"@type\":\"Person\",\"@id\":\"https:\/\/cbsadvogados.com.br\/#\/schema\/person\/f5cb1dd00f038a7e9cdde9ce901a85b5\",\"name\":\"Atendimento CBS\",\"image\":{\"@type\":\"ImageObject\",\"inLanguage\":\"en-US\",\"@id\":\"https:\/\/cbsadvogados.com.br\/#\/schema\/person\/image\/\",\"url\":\"https:\/\/secure.gravatar.com\/avatar\/0f9a4dc6576e3b7a21f6f3aeb9421071?s=96&d=mm&r=g\",\"contentUrl\":\"https:\/\/secure.gravatar.com\/avatar\/0f9a4dc6576e3b7a21f6f3aeb9421071?s=96&d=mm&r=g\",\"caption\":\"Atendimento CBS\"},\"url\":\"https:\/\/cbsadvogados.com.br\/en\/author\/atendimento-cbscbsadvogados-com-br\/\"}]}<\/script>\n<!-- \/ Yoast SEO plugin. -->","yoast_head_json":{"title":"ALTERA\u00c7\u00d5ES NA NR1 \u2013 NOVAS OBRIGA\u00c7\u00d5ES PARA EMPREGADORES APARTIR DE MAIO. - Caminha Barbosa &amp; Siphone Advogados","robots":{"index":"index","follow":"follow","max-snippet":"max-snippet:-1","max-image-preview":"max-image-preview:large","max-video-preview":"max-video-preview:-1"},"canonical":"https:\/\/cbsadvogados.com.br\/en\/2025\/03\/20\/alteracoes-na-nr1-novas-obrigacoes-para-empregadores-apartir-de-maio\/","og_locale":"en_US","og_type":"article","og_title":"ALTERA\u00c7\u00d5ES NA NR1 \u2013 NOVAS OBRIGA\u00c7\u00d5ES PARA EMPREGADORES APARTIR DE MAIO. - Caminha Barbosa &amp; Siphone Advogados","og_description":"Por: Alexandre Belmonte Siphone [1] [1] Advogado e Economista, MBA em Gest\u00e3o Empresarial, P\u00f3s-graduado em Direito do Trabalho pela USP e Doutor em Direito do Trabalho pela UNC \u2013 Universidad Nacional de C\u00f3rdoba, Mais de 25 anos de experi\u00eancia entre gest\u00e3o de RH e contencioso\/preventivo trabalhista, Professor em renomadas institui\u00e7\u00f5es e professor convidado nos cursos [&hellip;]","og_url":"https:\/\/cbsadvogados.com.br\/en\/2025\/03\/20\/alteracoes-na-nr1-novas-obrigacoes-para-empregadores-apartir-de-maio\/","og_site_name":"Caminha Barbosa &amp; Siphone Advogados","article_published_time":"2025-03-20T14:51:50+00:00","author":"Atendimento CBS","twitter_card":"summary_large_image","twitter_misc":{"Written by":"Atendimento CBS","Est. reading time":"3 minutes"},"schema":{"@context":"https:\/\/schema.org","@graph":[{"@type":"Article","@id":"https:\/\/cbsadvogados.com.br\/2025\/03\/20\/alteracoes-na-nr1-novas-obrigacoes-para-empregadores-apartir-de-maio\/#article","isPartOf":{"@id":"https:\/\/cbsadvogados.com.br\/2025\/03\/20\/alteracoes-na-nr1-novas-obrigacoes-para-empregadores-apartir-de-maio\/"},"author":{"name":"Atendimento CBS","@id":"https:\/\/cbsadvogados.com.br\/#\/schema\/person\/f5cb1dd00f038a7e9cdde9ce901a85b5"},"headline":"ALTERA\u00c7\u00d5ES NA NR1 \u2013 NOVAS OBRIGA\u00c7\u00d5ES PARA EMPREGADORES APARTIR DE MAIO.","datePublished":"2025-03-20T14:51:50+00:00","dateModified":"2025-03-20T14:51:50+00:00","mainEntityOfPage":{"@id":"https:\/\/cbsadvogados.com.br\/2025\/03\/20\/alteracoes-na-nr1-novas-obrigacoes-para-empregadores-apartir-de-maio\/"},"wordCount":617,"commentCount":0,"publisher":{"@id":"https:\/\/cbsadvogados.com.br\/#organization"},"articleSection":["Conte\u00fados"],"inLanguage":"en-US","potentialAction":[{"@type":"CommentAction","name":"Comment","target":["https:\/\/cbsadvogados.com.br\/2025\/03\/20\/alteracoes-na-nr1-novas-obrigacoes-para-empregadores-apartir-de-maio\/#respond"]}]},{"@type":"WebPage","@id":"https:\/\/cbsadvogados.com.br\/2025\/03\/20\/alteracoes-na-nr1-novas-obrigacoes-para-empregadores-apartir-de-maio\/","url":"https:\/\/cbsadvogados.com.br\/2025\/03\/20\/alteracoes-na-nr1-novas-obrigacoes-para-empregadores-apartir-de-maio\/","name":"ALTERA\u00c7\u00d5ES NA NR1 \u2013 NOVAS OBRIGA\u00c7\u00d5ES PARA EMPREGADORES APARTIR DE MAIO. - Caminha Barbosa &amp; Siphone Advogados","isPartOf":{"@id":"https:\/\/cbsadvogados.com.br\/#website"},"datePublished":"2025-03-20T14:51:50+00:00","dateModified":"2025-03-20T14:51:50+00:00","breadcrumb":{"@id":"https:\/\/cbsadvogados.com.br\/2025\/03\/20\/alteracoes-na-nr1-novas-obrigacoes-para-empregadores-apartir-de-maio\/#breadcrumb"},"inLanguage":"en-US","potentialAction":[{"@type":"ReadAction","target":["https:\/\/cbsadvogados.com.br\/2025\/03\/20\/alteracoes-na-nr1-novas-obrigacoes-para-empregadores-apartir-de-maio\/"]}]},{"@type":"BreadcrumbList","@id":"https:\/\/cbsadvogados.com.br\/2025\/03\/20\/alteracoes-na-nr1-novas-obrigacoes-para-empregadores-apartir-de-maio\/#breadcrumb","itemListElement":[{"@type":"ListItem","position":1,"name":"In\u00edcio","item":"https:\/\/cbsadvogados.com.br\/"},{"@type":"ListItem","position":2,"name":"ALTERA\u00c7\u00d5ES NA NR1 \u2013 NOVAS OBRIGA\u00c7\u00d5ES PARA EMPREGADORES APARTIR DE MAIO."}]},{"@type":"WebSite","@id":"https:\/\/cbsadvogados.com.br\/#website","url":"https:\/\/cbsadvogados.com.br\/","name":"Caminha Barbosa &amp; Siphone Advogados","description":"","publisher":{"@id":"https:\/\/cbsadvogados.com.br\/#organization"},"potentialAction":[{"@type":"SearchAction","target":{"@type":"EntryPoint","urlTemplate":"https:\/\/cbsadvogados.com.br\/?s={search_term_string}"},"query-input":"required name=search_term_string"}],"inLanguage":"en-US"},{"@type":"Organization","@id":"https:\/\/cbsadvogados.com.br\/#organization","name":"Caminha Barbosa &amp; Siphone Advogados","url":"https:\/\/cbsadvogados.com.br\/","logo":{"@type":"ImageObject","inLanguage":"en-US","@id":"https:\/\/cbsadvogados.com.br\/#\/schema\/logo\/image\/","url":"https:\/\/cbsadvogados.com.br\/wp-content\/uploads\/2023\/05\/Artigo-08-1.png","contentUrl":"https:\/\/cbsadvogados.com.br\/wp-content\/uploads\/2023\/05\/Artigo-08-1.png","width":1290,"height":289,"caption":"Caminha Barbosa &amp; Siphone Advogados"},"image":{"@id":"https:\/\/cbsadvogados.com.br\/#\/schema\/logo\/image\/"}},{"@type":"Person","@id":"https:\/\/cbsadvogados.com.br\/#\/schema\/person\/f5cb1dd00f038a7e9cdde9ce901a85b5","name":"Atendimento CBS","image":{"@type":"ImageObject","inLanguage":"en-US","@id":"https:\/\/cbsadvogados.com.br\/#\/schema\/person\/image\/","url":"https:\/\/secure.gravatar.com\/avatar\/0f9a4dc6576e3b7a21f6f3aeb9421071?s=96&d=mm&r=g","contentUrl":"https:\/\/secure.gravatar.com\/avatar\/0f9a4dc6576e3b7a21f6f3aeb9421071?s=96&d=mm&r=g","caption":"Atendimento CBS"},"url":"https:\/\/cbsadvogados.com.br\/en\/author\/atendimento-cbscbsadvogados-com-br\/"}]}},"_links":{"self":[{"href":"https:\/\/cbsadvogados.com.br\/en\/wp-json\/wp\/v2\/posts\/1977"}],"collection":[{"href":"https:\/\/cbsadvogados.com.br\/en\/wp-json\/wp\/v2\/posts"}],"about":[{"href":"https:\/\/cbsadvogados.com.br\/en\/wp-json\/wp\/v2\/types\/post"}],"author":[{"embeddable":true,"href":"https:\/\/cbsadvogados.com.br\/en\/wp-json\/wp\/v2\/users\/2"}],"replies":[{"embeddable":true,"href":"https:\/\/cbsadvogados.com.br\/en\/wp-json\/wp\/v2\/comments?post=1977"}],"version-history":[{"count":1,"href":"https:\/\/cbsadvogados.com.br\/en\/wp-json\/wp\/v2\/posts\/1977\/revisions"}],"predecessor-version":[{"id":1978,"href":"https:\/\/cbsadvogados.com.br\/en\/wp-json\/wp\/v2\/posts\/1977\/revisions\/1978"}],"wp:attachment":[{"href":"https:\/\/cbsadvogados.com.br\/en\/wp-json\/wp\/v2\/media?parent=1977"}],"wp:term":[{"taxonomy":"category","embeddable":true,"href":"https:\/\/cbsadvogados.com.br\/en\/wp-json\/wp\/v2\/categories?post=1977"},{"taxonomy":"post_tag","embeddable":true,"href":"https:\/\/cbsadvogados.com.br\/en\/wp-json\/wp\/v2\/tags?post=1977"}],"curies":[{"name":"wp","href":"https:\/\/api.w.org\/{rel}","templated":true}]}}